{"id":5107,"date":"2023-03-09T12:03:27","date_gmt":"2023-03-09T11:03:27","guid":{"rendered":"https:\/\/www.juve.hu\/?p=5107"},"modified":"2025-01-17T11:43:23","modified_gmt":"2025-01-17T10:43:23","slug":"jarjunk-a-nyelvtanulasi-gorbe-elott","status":"publish","type":"post","link":"https:\/\/www.juve.hu\/en\/jarjunk-a-nyelvtanulasi-gorbe-elott\/","title":{"rendered":"J\u00e1rjunk a nyelvtanul\u00e1si g\u00f6rbe el\u0151tt!"},"content":{"rendered":"<h3>Mi az a nyelvtanul\u00e1si g\u00f6rbe?<\/h3>\n<p style=\"font-weight: 400;\">A nyelvtanul\u00e1si g\u00f6rbe a k\u00e9szs\u00e9geink \u00e9s ismereteink fejl\u0151d\u00e9s\u00e9re utal, amelyeket egy \u00faj nyelv elsaj\u00e1t\u00edt\u00e1sa sor\u00e1n szerz\u00fcnk. A tanul\u00e1si g\u00f6rbe a tanul\u00e1s felfel\u00e9 \u00edvel\u0151 vonala, a teljes\u00edtm\u00e9ny\u00fcnk a befektetett munka f\u00fcggv\u00e9ny\u00e9ben. <strong>A tanul\u00e1si g\u00f6rbe nem egyenes!<\/strong> Amikor belekezd\u00fcnk sok\u00e1ig lapos marad, teh\u00e1t sok energi\u00e1t \u00e9s munk\u00e1t tesz\u00fcnk bele, a teljes\u00edtm\u00e9ny\u00fcnk m\u00e9gis elmarad a v\u00e1rtt\u00f3l. Majd amikor kezdj\u00fck meg\u00e9rteni a nyelvet \u00e9s annak \u00e1rnyalatait, \u00e9s haladunk a magasabb nyelvtud\u00e1sunk fel\u00e9, <strong>a tanul\u00e1si g\u00f6rbe hirtelen meredekk\u00e9 v\u00e1lik<\/strong>, \u00e9s egyre t\u00f6bbet \u00e9s t\u00f6bbet \u00e9rt\u00fcnk meg, <strong>innent\u0151l kezdve lesz a nyelvtanul\u00e1s igaz\u00e1n kalandos.<\/strong> A tanul\u00e1si g\u00f6rbe olyan t\u00e9nyez\u0151kt\u0151l f\u00fcgg\u0151en v\u00e1ltozhat, mint a tanult nyelv, az egy\u00e9n motiv\u00e1ci\u00f3ja \u00e9s tanul\u00e1si st\u00edlusa, valamint a tanul\u00e1sra ford\u00edtott id\u0151 \u00e9s er\u0151fesz\u00edt\u00e9s mennyis\u00e9ge.<\/p>\n<p style=\"font-weight: 400;\">Egy \u00faj nyelv elsaj\u00e1t\u00edt\u00e1sakor a kezdeti <strong>besz\u00e9lget\u00e9sek ijeszt\u0151 \u00e9lm\u00e9nyt jelenthetnek.<\/strong> Kezdetben el\u0151fordulhat, hogy az ember nem \u00e9rti a besz\u00e9lt nyelvet a sebess\u00e9g \u00e9s az ismeretlen sz\u00f3kincs miatt. Ilyenkor hajlamosak vagyunk sz\u00ednlelni a meg\u00e9rt\u00e9st, hogy m\u00e1sokkal kapcsolatba tudjunk l\u00e9pni. R\u00e1ad\u00e1sul, amikor elj\u00f6n a besz\u00e9d ideje a megfelel\u0151 szavak megtal\u00e1l\u00e1sa sok\u00e1ig tarthat, ami bizonytalann\u00e1 tehet minket. Egy \u00faj nyelv tanul\u00e1s\u00e1nak kezdeti szakasza nagy kih\u00edv\u00e1st jelent, \u00e9s ez a tanult nyelvt\u0151l f\u00fcggetlen\u00fcl igaz.<\/p>\n<p><img fetchpriority=\"high\" decoding=\"async\" src=\"https:\/\/www.juve.hu\/wp-content\/uploads\/2023\/03\/V4mA60vWZWNuE7Mtjq31kUsj6xVMX6KKiECduJ1GE_7uFs.width-800.png\" alt=\"\" width=\"514\" height=\"444\" title=\"\"><\/p>\n<p style=\"text-align: center;\">A tanul\u00e1si g\u00f6rbe az el\u00e9rt tud\u00e1s, a befektetett id\u0151 f\u00fcggv\u00e9ny\u00e9ben<\/p>\n<p style=\"text-align: center;\"><a href=\"https:\/\/www.twilio.com\/blog\/introducing-js-developer-technical-content-stephenie-minami-nakajima\" target=\"_blank\" rel=\"noopener\">Forr\u00e1s<\/a><\/p>\n<p style=\"font-weight: 400;\">Nyelvtanul\u00e1si g\u00f6rb\u00e9je <strong>nem csak a tanul\u00f3knak, de a szervezetnek is van,<\/strong> ahol nyelvtanul\u00e1s t\u00f6rt\u00e9nik. Ahogy egy v\u00e1llalat tapasztalatot szerez egy adott ter\u00fcleten (jelen esetben a nyelvismeret), id\u0151vel k\u00e9pes azonos\u00edtani \u00e9s kik\u00fcsz\u00f6b\u00f6lni a hat\u00e9konys\u00e1gi hi\u00e1nyoss\u00e1gokat, jav\u00edtani a kommunik\u00e1ci\u00f3t. Ez gyorsabb termel\u00e9shez, magasabb min\u0151s\u00e9g\u0171 szolg\u00e1ltat\u00e1shoz,<strong> k\u00fclf\u00f6ldi kapcsolatokhoz \u00e9s magasabb munkav\u00e1llal\u00f3i el\u00e9gedetts\u00e9ghez vezet<\/strong>. Ahogy a kezdeti neh\u00e9zs\u00e9geken t\u00fal van a v\u00e1llalat, az \u00e1ltal\u00e1nos teljes\u00edtm\u00e9nye nyelvtud\u00e1s ter\u00e9n jelent\u0151sen javulhat. Ekkor m\u00e1r <strong>\u00fagy gondolnak a partnerek \u00e9s az \u00fcgyfelek a c\u00e9gre, mint ahol tudnak angolul.<\/strong><\/p>\n<h3 style=\"font-weight: 400;\"><strong>Mit jelent a nyelvtanul\u00e1si g\u00f6rbe el\u0151tt j\u00e1rni?<\/strong><\/h3>\n<p style=\"font-weight: 400;\">A \u201enyelvtanul\u00e1si g\u00f6rbe el\u0151tt j\u00e1rni\u201d angolul: \u201estaying ahead of the language learning curve\u201d kifejez\u00e9s azt jelenti, hogy maradjunk t\u00e1j\u00e9kozottak \u00e9s k\u00e9pzettek a nyelvtud\u00e1sunkban \u00e9s a nyelvoktat\u00e1s m\u00f3dj\u00e1ban, hogy <strong>ne \u00e9rjenek v\u00e1ratlanul a v\u00e1ltoz\u00e1sok vagy \u00faj k\u00e9pz\u00e9si m\u00f3dok<\/strong>. Tartsunk l\u00e9p\u00e9st az \u00faj fejlem\u00e9nyekkel, \u00e9s j\u00e1rjunk a versenyt\u00e1rsak el\u0151tt.<\/p>\n<blockquote><p>&nbsp;<\/p>\n<p style=\"font-weight: 400;\"><strong>Egy kis nyelvi \u00e9rdekess\u00e9g:<\/strong> az angol \u2019ahead of the curve\u2019 kifejez\u00e9snek van egy nagyon izgalmas jelent\u00e9se: <strong><br \/>\n<\/strong><\/p>\n<ul>\n<li>jobb, mint m\u00e1sok<\/li>\n<li>megel\u0151zi az aktu\u00e1lis trendeket vagy gondolkod\u00e1st<\/li>\n<li>m\u00e1sok el\u0151tt j\u00e1r<\/li>\n<li>\u00fatt\u00f6r\u0151 az innov\u00e1ci\u00f3ban<\/li>\n<li>valamiben az \u00e9len vagy vezet\u0151 helyen \u00e1ll<\/li>\n<\/ul>\n<p style=\"font-weight: 400;\">A kifejez\u00e9s azt is jelenti, hogy valaki egy \u00faj \u00f6tlettel vagy valami \u00faj gondolkod\u00e1si m\u00f3ddal \u00e9len j\u00e1r. Valamivel, ami a j\u00f6v\u0151ben n\u00e9pszer\u0171v\u00e9 vagy ak\u00e1r \u00e1ltal\u00e1noss\u00e1 v\u00e1lik. K\u00fcl\u00f6n\u00f6sen olyan c\u00e9gekn\u00e9l haszn\u00e1lj\u00e1k, akik innovat\u00edv vagy \u00fatt\u00f6r\u0151 k\u00e9szs\u00e9gekkel rendelkeznek, \u00e9s statisztikailag a sz\u00f3 szoros \u00e9rtelm\u00e9ben a legmagasabb poz\u00edci\u00f3ban vannak, ami a norm\u00e1k f\u00f6l\u00e9 emeli \u0151ket. Akik megel\u0151zik a versenyt\u00e1rsakat. \u0150k lehetnek az els\u0151k, majd m\u00e1sok m\u00e1solj\u00e1k.<\/p>\n<p style=\"font-weight: 400;\">Forr\u00e1s: theidioms.com<\/p>\n<p>&nbsp;<\/p><\/blockquote>\n<h3><\/h3>\n<h3 style=\"font-weight: 400;\"><strong>Melyik v\u00e1llalat ne szeretne a nyelvtanul\u00e1sban, nyelvi k\u00e9szs\u00e9gekben m\u00e1sok el\u0151tt j\u00e1rni?<\/strong><\/h3>\n<p style=\"font-weight: 400;\">Nem lehet teh\u00e1t el\u00e9gg\u00e9 hangs\u00falyozni mennyire fontos, hogy az \u00fczleti \u00e9letben a nyelvtanul\u00e1si g\u00f6rbe el\u0151tt j\u00e1rjunk. A nyelvtanul\u00e1s megk\u00f6nny\u00edti a kommunik\u00e1ci\u00f3t, fokozza a kultur\u00e1lis \u00e9rz\u00e9kenys\u00e9get, \u00faj piacokat \u00e9s lehet\u0151s\u00e9geket nyit meg, jav\u00edtja a kognit\u00edv k\u00e9szs\u00e9geket, \u00e9s kulcsfontoss\u00e1g\u00fa t\u00e9nyez\u0151 lehet a tehets\u00e9gek toborz\u00e1s\u00e1ban \u00e9s megtart\u00e1s\u00e1ban. A nyelvtanul\u00e1sba beruh\u00e1z\u00f3 v\u00e1llalatok nagyobb val\u00f3sz\u00edn\u0171s\u00e9ggel lesznek sikeresek a mai globaliz\u00e1lt \u00fczleti vil\u00e1gban, \u00e9s versenyel\u0151nyre tesznek szert versenyt\u00e1rsaikkal szemben. Ez\u00e9rt v\u00e1llalkoz\u00e1sunk sz\u00e1m\u00e1ra elengedhetetlen, hogy <strong>a nyelvtanul\u00e1sra \u00fagy tekints\u00fcnk, mint a j\u00f6v\u0151beli siker\u00fcnkbe val\u00f3 strat\u00e9giai befektet\u00e9sre. Ennek \u00e9rdek\u00e9ben \u00edrtunk egy <a href=\"https:\/\/www.juve.hu\/en\/ceges-nyelvoktatas-6-kerdes-es-valasz\/\">tervrajzot a c\u00e9ges nyelvoktat\u00e1shoz.<\/a><\/strong><\/p>\n<h3 style=\"font-weight: 400;\"><strong>Milyen el\u0151ny\u00f6kkel j\u00e1r, ha a nyelvtanul\u00e1si g\u00f6rbe el\u0151tt maradunk?<\/strong><\/h3>\n<ul>\n<li>A nyelvtud\u00e1s megk\u00f6nny\u00edti a <strong>kommunik\u00e1ci\u00f3t \u00e9s az egy\u00fcttm\u0171k\u00f6d\u00e9st<\/strong>. Az a k\u00e9pess\u00e9g\u00fcnk, hogy az \u00fcgyfelekkel \u00e9s koll\u00e9g\u00e1kkal az anyanyelv\u00fck\u00f6n kommunik\u00e1lhatunk, bizalmat \u00e9s k\u00f6lcs\u00f6n\u00f6s meg\u00e9rt\u00e9st teremt. Ez pedig er\u0151sebb \u00fczleti kapcsolatokhoz vezethet.<\/li>\n<li>A nyelvtanul\u00e1s n\u00f6veli a <strong>kultur\u00e1lis \u00e9rz\u00e9kenys\u00e9get \u00e9s tudatoss\u00e1got,<\/strong> az \u00e9rt\u00e9kek meg\u00e9rt\u00e9s\u00e9t. Ez a tud\u00e1s felbecs\u00fclhetetlen \u00e9rt\u00e9k\u0171 az \u00fczleti \u00e9letben, ahol a kult\u00far\u00e1k k\u00f6z\u00f6tti interakci\u00f3k mindennaposak. A kultur\u00e1lis \u00e9rz\u00e9kenys\u00e9g \u00e9s tudatoss\u00e1g lehet\u0151v\u00e9 teszi a v\u00e1llalkoz\u00e1sok sz\u00e1m\u00e1ra, hogy elker\u00fclj\u00e9k az esetleges f\u00e9lre\u00e9rt\u00e9seket \u00e9s f\u00e9lre\u00e9rt\u00e9seket, ami z\u00f6kken\u0151mentesebb kapcsolatokhoz vezet.<\/li>\n<li>A nyelvtud\u00e1s \u00faj lehet\u0151s\u00e9geket nyithat meg. Azok a v\u00e1llalatok, amelyek hat\u00e9konyan tudnak kommunik\u00e1lni a partnereikkel, egy\u00e9rtelm\u0171 el\u0151nyben vannak. R\u00e1ad\u00e1sul, ha besz\u00e9lj\u00fck \u00fcgyfeleink nyelv\u00e9t, <strong>jobban meg\u00e9rtj\u00fck ig\u00e9nyeiket \u00e9s preferenci\u00e1ikat,<\/strong> \u00edgy n\u00f6velve az \u00fcgyf\u00e9l el\u00e9gedetts\u00e9get.<\/li>\n<li>A nyelvtanul\u00e1s jav\u00edtja a <strong>kognit\u00edv k\u00e9pess\u00e9geket \u00e9s a kreativit\u00e1st,<\/strong> csak\u00fagy, mint a probl\u00e9mamegold\u00f3 k\u00e9pess\u00e9get. A megn\u00f6vekedett kognit\u00edv k\u00e9pess\u00e9g jobb d\u00f6nt\u00e9shozatalt eredm\u00e9nyez, amely szint\u00e9n elengedhetetlen az \u00fczleti \u00e9letben.<\/li>\n<li>A nyelvtanul\u00e1si g\u00f6rbe el\u0151tt j\u00e1rni kulcsfontoss\u00e1g\u00fa t\u00e9nyez\u0151 lehet <strong>a tehets\u00e9gek toborz\u00e1sa \u00e9s megtart\u00e1sa<\/strong> szempontj\u00e1b\u00f3l. A nyelvtud\u00e1s \u00e9rt\u00e9k, \u00e9s azok a v\u00e1llalkoz\u00e1sok, amelyek a nyelvtanul\u00e1st el\u0151t\u00e9rbe helyezik, nagyobb val\u00f3sz\u00edn\u0171s\u00e9ggel vonzz\u00e1k \u00e9s tartj\u00e1k meg a fiatal tehets\u00e9geket. A nyelvtanul\u00e1si lehet\u0151s\u00e9gekbiztos\u00edt\u00e1sa a munkat\u00e1rsaknak azt mutatja, hogy elk\u00f6telezettek vagyunk a szem\u00e9lyes \u00e9s szakmai fejl\u0151d\u00e9s\u00fck ir\u00e1nt, ami a munkahelyi el\u00e9gedetts\u00e9g \u00e9s a lojalit\u00e1s n\u00f6veked\u00e9s\u00e9hez vezet.<\/li>\n<\/ul>","protected":false},"excerpt":{"rendered":"<p>The language learning curve refers to the development of skills and knowledge that you acquire when learning a new language. The learning curve is an upward slope of learning, our performance as a function of the work we put in. But this learning curve is not straight!<\/p>","protected":false},"author":7,"featured_media":5110,"comment_status":"open","ping_status":"open","sticky":false,"template":"","format":"standard","meta":{"footnotes":""},"categories":[37,51],"tags":[39],"class_list":["post-5107","post","type-post","status-publish","format-standard","has-post-thumbnail","hentry","category-szakmai","category-nyelvtanulas","tag-poszt"],"_links":{"self":[{"href":"https:\/\/www.juve.hu\/en\/wp-json\/wp\/v2\/posts\/5107","targetHints":{"allow":["GET"]}}],"collection":[{"href":"https:\/\/www.juve.hu\/en\/wp-json\/wp\/v2\/posts"}],"about":[{"href":"https:\/\/www.juve.hu\/en\/wp-json\/wp\/v2\/types\/post"}],"author":[{"embeddable":true,"href":"https:\/\/www.juve.hu\/en\/wp-json\/wp\/v2\/users\/7"}],"replies":[{"embeddable":true,"href":"https:\/\/www.juve.hu\/en\/wp-json\/wp\/v2\/comments?post=5107"}],"version-history":[{"count":1,"href":"https:\/\/www.juve.hu\/en\/wp-json\/wp\/v2\/posts\/5107\/revisions"}],"predecessor-version":[{"id":10129,"href":"https:\/\/www.juve.hu\/en\/wp-json\/wp\/v2\/posts\/5107\/revisions\/10129"}],"wp:featuredmedia":[{"embeddable":true,"href":"https:\/\/www.juve.hu\/en\/wp-json\/wp\/v2\/media\/5110"}],"wp:attachment":[{"href":"https:\/\/www.juve.hu\/en\/wp-json\/wp\/v2\/media?parent=5107"}],"wp:term":[{"taxonomy":"category","embeddable":true,"href":"https:\/\/www.juve.hu\/en\/wp-json\/wp\/v2\/categories?post=5107"},{"taxonomy":"post_tag","embeddable":true,"href":"https:\/\/www.juve.hu\/en\/wp-json\/wp\/v2\/tags?post=5107"}],"curies":[{"name":"wp","href":"https:\/\/api.w.org\/{rel}","templated":true}]}}